{"id":251,"date":"2020-05-24T14:30:44","date_gmt":"2020-05-24T14:30:44","guid":{"rendered":"http:\/\/chor-essenrode.de\/?p=251"},"modified":"2020-05-24T14:30:45","modified_gmt":"2020-05-24T14:30:45","slug":"musik-zu-coronazeiten","status":"publish","type":"post","link":"https:\/\/chor-essenrode.de\/?p=251","title":{"rendered":"Musik zu Coronazeiten"},"content":{"rendered":"\n<p>Chorproben und Chormusik ist leider momentan nicht m\u00f6glich. Kulturell ist das ein gro\u00dfer Verlust. Fehlt doch allen Chormitgliedern die fr\u00f6hliche Chorprobe. Ein fr\u00f6hlicher Abend mit Freunden und Musik an dem gerne teilgenommen wird. \u00dcbrig bleibt nur das singen zu Hause, unter der Dusche oder beim Rasenm\u00e4hen oder&#8230; Auch alleine zu Singen ist wichtig. Die Stimme und die Muskulatur muss trainiert werden. Ich hoffe das viele S\u00e4ngerinnen und S\u00e4nger auch zu Hause etwas Freude am singen finden k\u00f6nnen. Bis wieder Proben stattfinden trainiere ich meinen Gesangsmuskel auch zu Hause. Dazu mache ich Gesangsaufnahmen in meinem kleinen Heimstudio. Wer m\u00f6chte kann gerne auf meiner <a href=\"http:\/\/www.nutbush-music.de\">privaten Homepage<\/a> mal reinh\u00f6ren.  Bis wir wieder gemeinsam singen k\u00f6nnen w\u00fcnsche ich Euch alles Gute und vor allem Gesundheit.<\/p>\n\n\n\n<p>Ralf Bayer <\/p>\n","protected":false},"excerpt":{"rendered":"<p>Chorproben und Chormusik ist leider momentan nicht m\u00f6glich. Kulturell ist das ein gro\u00dfer Verlust. Fehlt doch allen Chormitgliedern die fr\u00f6hliche Chorprobe. Ein fr\u00f6hlicher Abend mit Freunden und Musik an dem gerne teilgenommen wird. \u00dcbrig bleibt nur das singen zu Hause, unter der Dusche oder beim Rasenm\u00e4hen oder&#8230; Auch alleine zu Singen ist wichtig. Die Stimme &hellip; <a href=\"https:\/\/chor-essenrode.de\/?p=251\" class=\"more-link\"><span class=\"screen-reader-text\">\u201eMusik zu Coronazeiten\u201c<\/span> weiterlesen<\/a><\/p>\n","protected":false},"author":1,"featured_media":0,"comment_status":"open","ping_status":"open","sticky":false,"template":"","format":"standard","meta":{"footnotes":""},"categories":[1],"tags":[],"class_list":["post-251","post","type-post","status-publish","format-standard","hentry","category-uncategorized"],"_links":{"self":[{"href":"https:\/\/chor-essenrode.de\/index.php?rest_route=\/wp\/v2\/posts\/251","targetHints":{"allow":["GET"]}}],"collection":[{"href":"https:\/\/chor-essenrode.de\/index.php?rest_route=\/wp\/v2\/posts"}],"about":[{"href":"https:\/\/chor-essenrode.de\/index.php?rest_route=\/wp\/v2\/types\/post"}],"author":[{"embeddable":true,"href":"https:\/\/chor-essenrode.de\/index.php?rest_route=\/wp\/v2\/users\/1"}],"replies":[{"embeddable":true,"href":"https:\/\/chor-essenrode.de\/index.php?rest_route=%2Fwp%2Fv2%2Fcomments&post=251"}],"version-history":[{"count":1,"href":"https:\/\/chor-essenrode.de\/index.php?rest_route=\/wp\/v2\/posts\/251\/revisions"}],"predecessor-version":[{"id":252,"href":"https:\/\/chor-essenrode.de\/index.php?rest_route=\/wp\/v2\/posts\/251\/revisions\/252"}],"wp:attachment":[{"href":"https:\/\/chor-essenrode.de\/index.php?rest_route=%2Fwp%2Fv2%2Fmedia&parent=251"}],"wp:term":[{"taxonomy":"category","embeddable":true,"href":"https:\/\/chor-essenrode.de\/index.php?rest_route=%2Fwp%2Fv2%2Fcategories&post=251"},{"taxonomy":"post_tag","embeddable":true,"href":"https:\/\/chor-essenrode.de\/index.php?rest_route=%2Fwp%2Fv2%2Ftags&post=251"}],"curies":[{"name":"wp","href":"https:\/\/api.w.org\/{rel}","templated":true}]}}