{"id":294,"date":"2022-11-08T12:41:45","date_gmt":"2022-11-08T12:41:45","guid":{"rendered":"http:\/\/chor-essenrode.de\/?p=294"},"modified":"2023-11-07T07:12:01","modified_gmt":"2023-11-07T07:12:01","slug":"jahreshauptversammlung-2022","status":"publish","type":"post","link":"https:\/\/chor-essenrode.de\/?p=294","title":{"rendered":"Jahreshauptversammlung 2022"},"content":{"rendered":"\n<p>Ehrungen und Neuwahlen pr\u00e4gten die Jahreshauptversammlung<\/p>\n\n\n\n<p>F\u00fcr 40 j\u00e4hrige aktive Mitgliedschaft im Chor wurden Karin Schl\u00fcsche und Karin Recke geehrt. F\u00fcr ihre Leistungen f\u00fcr den Chor,  wurden beide zu Ehrenmitgliedern des Chores Essenrode. <\/p>\n\n\n\n<p>Im Vorstand waren Schriftf\u00fchrung und der 2. Vorsitz neu zu besetzen. Die bisherigen Vorstandsmitglieder Andrea Mende und Anna Becker schieden aus dem Vorstand aus.  Ihnen gilt besonderer Dank. Beide haben den Chor in der schwierigen Coronazeit mit Rat und Tat zur Seite gestanden. Der verbliebene Vorstand stellte sich erneut zur Wahl.<\/p>\n\n\n\n<p>Die Versammlung w\u00e4hlte zum neuen Vorstand<\/p>\n\n\n\n<p>1.Vorsitzender Ralf Bayer <\/p>\n\n\n\n<p>2. Vorsitzender Daniel Krebs<\/p>\n\n\n\n<p>Kassierer Marco Schilling<\/p>\n\n\n\n<p>Schriftf\u00fchrerin Kim Gehrke<\/p>\n","protected":false},"excerpt":{"rendered":"<p>Ehrungen und Neuwahlen pr\u00e4gten die Jahreshauptversammlung F\u00fcr 40 j\u00e4hrige aktive Mitgliedschaft im Chor wurden Karin Schl\u00fcsche und Karin Recke geehrt. F\u00fcr ihre Leistungen f\u00fcr den Chor, wurden beide zu Ehrenmitgliedern des Chores Essenrode. Im Vorstand waren Schriftf\u00fchrung und der 2. Vorsitz neu zu besetzen. Die bisherigen Vorstandsmitglieder Andrea Mende und Anna Becker schieden aus dem &hellip; <a href=\"https:\/\/chor-essenrode.de\/?p=294\" class=\"more-link\"><span class=\"screen-reader-text\">\u201eJahreshauptversammlung 2022\u201c<\/span> weiterlesen<\/a><\/p>\n","protected":false},"author":1,"featured_media":0,"comment_status":"open","ping_status":"open","sticky":false,"template":"","format":"standard","meta":{"footnotes":""},"categories":[10],"tags":[],"class_list":["post-294","post","type-post","status-publish","format-standard","hentry","category-versammlungen"],"_links":{"self":[{"href":"https:\/\/chor-essenrode.de\/index.php?rest_route=\/wp\/v2\/posts\/294","targetHints":{"allow":["GET"]}}],"collection":[{"href":"https:\/\/chor-essenrode.de\/index.php?rest_route=\/wp\/v2\/posts"}],"about":[{"href":"https:\/\/chor-essenrode.de\/index.php?rest_route=\/wp\/v2\/types\/post"}],"author":[{"embeddable":true,"href":"https:\/\/chor-essenrode.de\/index.php?rest_route=\/wp\/v2\/users\/1"}],"replies":[{"embeddable":true,"href":"https:\/\/chor-essenrode.de\/index.php?rest_route=%2Fwp%2Fv2%2Fcomments&post=294"}],"version-history":[{"count":2,"href":"https:\/\/chor-essenrode.de\/index.php?rest_route=\/wp\/v2\/posts\/294\/revisions"}],"predecessor-version":[{"id":298,"href":"https:\/\/chor-essenrode.de\/index.php?rest_route=\/wp\/v2\/posts\/294\/revisions\/298"}],"wp:attachment":[{"href":"https:\/\/chor-essenrode.de\/index.php?rest_route=%2Fwp%2Fv2%2Fmedia&parent=294"}],"wp:term":[{"taxonomy":"category","embeddable":true,"href":"https:\/\/chor-essenrode.de\/index.php?rest_route=%2Fwp%2Fv2%2Fcategories&post=294"},{"taxonomy":"post_tag","embeddable":true,"href":"https:\/\/chor-essenrode.de\/index.php?rest_route=%2Fwp%2Fv2%2Ftags&post=294"}],"curies":[{"name":"wp","href":"https:\/\/api.w.org\/{rel}","templated":true}]}}