{"id":419,"date":"2023-11-06T22:56:16","date_gmt":"2023-11-06T22:56:16","guid":{"rendered":"https:\/\/chor-essenrode.de\/?p=419"},"modified":"2024-01-15T15:12:00","modified_gmt":"2024-01-15T15:12:00","slug":"rudelsingen","status":"publish","type":"post","link":"https:\/\/chor-essenrode.de\/?p=419","title":{"rendered":"Wir singen im Rudel, 24.02.24"},"content":{"rendered":"\n<p>bei unserer Mitsing Party sind auch unge\u00fcbte S\u00e4nger herzlich willkommen. Es geht nicht um Perfektion, sondern um gemeinsamen Spa\u00df am Singen. Die lockere Atmosph\u00e4re ermutigt sich zu beteiligen und einfach mitzumachen.<\/p>\n\n\n\n<figure class=\"wp-block-image size-large\"><img loading=\"lazy\" decoding=\"async\" width=\"748\" height=\"1024\" src=\"http:\/\/chor-essenrode.de\/wp-content\/uploads\/2024\/01\/IMG_4120-748x1024.jpeg\" alt=\"\" class=\"wp-image-490\" srcset=\"https:\/\/chor-essenrode.de\/wp-content\/uploads\/2024\/01\/IMG_4120-748x1024.jpeg 748w, https:\/\/chor-essenrode.de\/wp-content\/uploads\/2024\/01\/IMG_4120-219x300.jpeg 219w, https:\/\/chor-essenrode.de\/wp-content\/uploads\/2024\/01\/IMG_4120-768x1052.jpeg 768w, https:\/\/chor-essenrode.de\/wp-content\/uploads\/2024\/01\/IMG_4120-1122x1536.jpeg 1122w, https:\/\/chor-essenrode.de\/wp-content\/uploads\/2024\/01\/IMG_4120.jpeg 1170w\" sizes=\"auto, (max-width: 709px) 85vw, (max-width: 909px) 67vw, (max-width: 984px) 61vw, (max-width: 1362px) 45vw, 600px\" \/><\/figure>\n","protected":false},"excerpt":{"rendered":"<p>bei unserer Mitsing Party sind auch unge\u00fcbte S\u00e4nger herzlich willkommen. Es geht nicht um Perfektion, sondern um gemeinsamen Spa\u00df am Singen. Die lockere Atmosph\u00e4re ermutigt sich zu beteiligen und einfach mitzumachen.<\/p>\n","protected":false},"author":1,"featured_media":0,"comment_status":"open","ping_status":"open","sticky":false,"template":"","format":"standard","meta":{"footnotes":""},"categories":[8],"tags":[11],"class_list":["post-419","post","type-post","status-publish","format-standard","hentry","category-konzerte","tag-rudelsingen"],"_links":{"self":[{"href":"https:\/\/chor-essenrode.de\/index.php?rest_route=\/wp\/v2\/posts\/419","targetHints":{"allow":["GET"]}}],"collection":[{"href":"https:\/\/chor-essenrode.de\/index.php?rest_route=\/wp\/v2\/posts"}],"about":[{"href":"https:\/\/chor-essenrode.de\/index.php?rest_route=\/wp\/v2\/types\/post"}],"author":[{"embeddable":true,"href":"https:\/\/chor-essenrode.de\/index.php?rest_route=\/wp\/v2\/users\/1"}],"replies":[{"embeddable":true,"href":"https:\/\/chor-essenrode.de\/index.php?rest_route=%2Fwp%2Fv2%2Fcomments&post=419"}],"version-history":[{"count":4,"href":"https:\/\/chor-essenrode.de\/index.php?rest_route=\/wp\/v2\/posts\/419\/revisions"}],"predecessor-version":[{"id":491,"href":"https:\/\/chor-essenrode.de\/index.php?rest_route=\/wp\/v2\/posts\/419\/revisions\/491"}],"wp:attachment":[{"href":"https:\/\/chor-essenrode.de\/index.php?rest_route=%2Fwp%2Fv2%2Fmedia&parent=419"}],"wp:term":[{"taxonomy":"category","embeddable":true,"href":"https:\/\/chor-essenrode.de\/index.php?rest_route=%2Fwp%2Fv2%2Fcategories&post=419"},{"taxonomy":"post_tag","embeddable":true,"href":"https:\/\/chor-essenrode.de\/index.php?rest_route=%2Fwp%2Fv2%2Ftags&post=419"}],"curies":[{"name":"wp","href":"https:\/\/api.w.org\/{rel}","templated":true}]}}