{"id":427,"date":"2023-11-21T18:54:04","date_gmt":"2023-11-21T18:54:04","guid":{"rendered":"https:\/\/chor-essenrode.de\/?p=427"},"modified":"2023-12-15T17:25:41","modified_gmt":"2023-12-15T17:25:41","slug":"adventskonzert","status":"publish","type":"post","link":"https:\/\/chor-essenrode.de\/?p=427","title":{"rendered":"Adventskonzert 10.12.23"},"content":{"rendered":"\n<figure class=\"wp-block-image size-large\"><img loading=\"lazy\" decoding=\"async\" width=\"1024\" height=\"367\" src=\"http:\/\/chor-essenrode.de\/wp-content\/uploads\/2023\/12\/IMG_4002-1024x367.jpeg\" alt=\"\" class=\"wp-image-445\" srcset=\"https:\/\/chor-essenrode.de\/wp-content\/uploads\/2023\/12\/IMG_4002-1024x367.jpeg 1024w, https:\/\/chor-essenrode.de\/wp-content\/uploads\/2023\/12\/IMG_4002-300x107.jpeg 300w, https:\/\/chor-essenrode.de\/wp-content\/uploads\/2023\/12\/IMG_4002-768x275.jpeg 768w, https:\/\/chor-essenrode.de\/wp-content\/uploads\/2023\/12\/IMG_4002.jpeg 1170w\" sizes=\"auto, (max-width: 709px) 85vw, (max-width: 909px) 67vw, (max-width: 1362px) 62vw, 840px\" \/><\/figure>\n\n\n\n<p>Was f\u00fcr ein wunderbares Chorkonzert am zweiten Advent in der Kirche Essenrode! &#x1f3b6;&#x1f56f;&#xfe0f; Die Atmosph\u00e4re war magisch, und die Kl\u00e4nge haben unsere Herzen ber\u00fchrt. Ein gro\u00dfes Dankesch\u00f6n an alle Chormitglieder f\u00fcr ihre beeindruckende Performance und an das Publikum f\u00fcr die herzliche Unterst\u00fctzung. Es war ein unvergesslicher Abend voller Harmonie und Freude. <\/p>\n\n\n\n<figure class=\"wp-block-image size-large\"><img loading=\"lazy\" decoding=\"async\" width=\"732\" height=\"1024\" src=\"http:\/\/chor-essenrode.de\/wp-content\/uploads\/2023\/11\/IMG_3922-732x1024.jpeg\" alt=\"\" class=\"wp-image-428\" srcset=\"https:\/\/chor-essenrode.de\/wp-content\/uploads\/2023\/11\/IMG_3922-732x1024.jpeg 732w, https:\/\/chor-essenrode.de\/wp-content\/uploads\/2023\/11\/IMG_3922-215x300.jpeg 215w, https:\/\/chor-essenrode.de\/wp-content\/uploads\/2023\/11\/IMG_3922-768x1074.jpeg 768w, https:\/\/chor-essenrode.de\/wp-content\/uploads\/2023\/11\/IMG_3922-1098x1536.jpeg 1098w, https:\/\/chor-essenrode.de\/wp-content\/uploads\/2023\/11\/IMG_3922.jpeg 1170w\" sizes=\"auto, (max-width: 709px) 85vw, (max-width: 909px) 67vw, (max-width: 984px) 61vw, (max-width: 1362px) 45vw, 600px\" \/><\/figure>\n","protected":false},"excerpt":{"rendered":"<p>Was f\u00fcr ein wunderbares Chorkonzert am zweiten Advent in der Kirche Essenrode! &#x1f3b6;&#x1f56f;&#xfe0f; Die Atmosph\u00e4re war magisch, und die Kl\u00e4nge haben unsere Herzen ber\u00fchrt. Ein gro\u00dfes Dankesch\u00f6n an alle Chormitglieder f\u00fcr ihre beeindruckende Performance und an das Publikum f\u00fcr die herzliche Unterst\u00fctzung. Es war ein unvergesslicher Abend voller Harmonie und Freude.<\/p>\n","protected":false},"author":1,"featured_media":0,"comment_status":"open","ping_status":"open","sticky":false,"template":"","format":"standard","meta":{"footnotes":""},"categories":[1],"tags":[],"class_list":["post-427","post","type-post","status-publish","format-standard","hentry","category-uncategorized"],"_links":{"self":[{"href":"https:\/\/chor-essenrode.de\/index.php?rest_route=\/wp\/v2\/posts\/427","targetHints":{"allow":["GET"]}}],"collection":[{"href":"https:\/\/chor-essenrode.de\/index.php?rest_route=\/wp\/v2\/posts"}],"about":[{"href":"https:\/\/chor-essenrode.de\/index.php?rest_route=\/wp\/v2\/types\/post"}],"author":[{"embeddable":true,"href":"https:\/\/chor-essenrode.de\/index.php?rest_route=\/wp\/v2\/users\/1"}],"replies":[{"embeddable":true,"href":"https:\/\/chor-essenrode.de\/index.php?rest_route=%2Fwp%2Fv2%2Fcomments&post=427"}],"version-history":[{"count":6,"href":"https:\/\/chor-essenrode.de\/index.php?rest_route=\/wp\/v2\/posts\/427\/revisions"}],"predecessor-version":[{"id":476,"href":"https:\/\/chor-essenrode.de\/index.php?rest_route=\/wp\/v2\/posts\/427\/revisions\/476"}],"wp:attachment":[{"href":"https:\/\/chor-essenrode.de\/index.php?rest_route=%2Fwp%2Fv2%2Fmedia&parent=427"}],"wp:term":[{"taxonomy":"category","embeddable":true,"href":"https:\/\/chor-essenrode.de\/index.php?rest_route=%2Fwp%2Fv2%2Fcategories&post=427"},{"taxonomy":"post_tag","embeddable":true,"href":"https:\/\/chor-essenrode.de\/index.php?rest_route=%2Fwp%2Fv2%2Ftags&post=427"}],"curies":[{"name":"wp","href":"https:\/\/api.w.org\/{rel}","templated":true}]}}