{"id":515,"date":"2024-01-31T21:03:59","date_gmt":"2024-01-31T21:03:59","guid":{"rendered":"https:\/\/chor-essenrode.de\/?p=515"},"modified":"2024-01-31T21:04:01","modified_gmt":"2024-01-31T21:04:01","slug":"buergerfruehstueck-zum-175-chorgeburtstag","status":"publish","type":"post","link":"https:\/\/chor-essenrode.de\/?p=515","title":{"rendered":"B\u00fcrgerfr\u00fchst\u00fcck zum 175. Chorgeburtstag"},"content":{"rendered":"\n<p>Die Vorbereitungen laufen auf Hochtouren f\u00fcr das Fest zum 175. Geburtstag unseres Chores. F\u00fcr nur 5\u20ac wird es die Karte zum B\u00fcrgerfr\u00fchst\u00fcck zu erwerben geben. Und daf\u00fcr bieten wir eine Menge an.  Um 9:30 geht es in der Turnhalle los. Nach einen Gottesdienst und Festreden gibt es das B\u00fcrgerfr\u00fchst\u00fcck. Neben einem Fr\u00fchst\u00fccksteller mit Wurst\/ K\u00e4se\/ Marmelade \/ Butter \/ Br\u00f6tchen \/ Brot (vegetarisch nach Voranmeldung m\u00f6glich) usw. soll nat\u00fcrlich auch gefeiert werden. Dazu haben wir die Lessingst\u00e4dter Musikanten gewinnen k\u00f6nnen. Seit mehr als 26 Jahren sorgen \u201cDie Lessingst\u00e4dter\u201c aus Wolfenb\u00fcttel mit aktuellen Schlagern und Hits, bekannten Oldies sowie z\u00fcnftigen Walzern und Polken auf vielen Oktober-, Stadt-, oder Sch\u00fctzenfesten f\u00fcr die richtige Stimmung und gute Laune. Auch bei uns werden sie mit bekannten Titeln von Andrea Berg, Cora, Klubbb3, J\u00fcrgen Drews, Helene Fischer, Andreas Gabalier, Marianne Rosenberg, Andreas Martin, f\u00fcr Oktoberfeststimmung in der Turnhalle sorgen. Die Karten k\u00f6nnen ab Mitte\/ Ende M\u00e4rz beim Chor erworben werden. <\/p>\n\n\n\n<figure class=\"wp-block-image size-full\"><img loading=\"lazy\" decoding=\"async\" width=\"1000\" height=\"530\" src=\"http:\/\/chor-essenrode.de\/wp-content\/uploads\/2024\/01\/IMG_0566.jpeg\" alt=\"\" class=\"wp-image-504\" srcset=\"https:\/\/chor-essenrode.de\/wp-content\/uploads\/2024\/01\/IMG_0566.jpeg 1000w, https:\/\/chor-essenrode.de\/wp-content\/uploads\/2024\/01\/IMG_0566-300x159.jpeg 300w, https:\/\/chor-essenrode.de\/wp-content\/uploads\/2024\/01\/IMG_0566-768x407.jpeg 768w\" sizes=\"auto, (max-width: 709px) 85vw, (max-width: 909px) 67vw, (max-width: 1362px) 62vw, 840px\" \/><\/figure>\n","protected":false},"excerpt":{"rendered":"<p>Die Vorbereitungen laufen auf Hochtouren f\u00fcr das Fest zum 175. Geburtstag unseres Chores. F\u00fcr nur 5\u20ac wird es die Karte zum B\u00fcrgerfr\u00fchst\u00fcck zu erwerben geben. Und daf\u00fcr bieten wir eine Menge an. Um 9:30 geht es in der Turnhalle los. Nach einen Gottesdienst und Festreden gibt es das B\u00fcrgerfr\u00fchst\u00fcck. Neben einem Fr\u00fchst\u00fccksteller mit Wurst\/ K\u00e4se\/ &hellip; <a href=\"https:\/\/chor-essenrode.de\/?p=515\" class=\"more-link\"><span class=\"screen-reader-text\">\u201eB\u00fcrgerfr\u00fchst\u00fcck zum 175. Chorgeburtstag\u201c<\/span> weiterlesen<\/a><\/p>\n","protected":false},"author":1,"featured_media":0,"comment_status":"open","ping_status":"open","sticky":false,"template":"","format":"standard","meta":{"footnotes":""},"categories":[1],"tags":[],"class_list":["post-515","post","type-post","status-publish","format-standard","hentry","category-uncategorized"],"_links":{"self":[{"href":"https:\/\/chor-essenrode.de\/index.php?rest_route=\/wp\/v2\/posts\/515","targetHints":{"allow":["GET"]}}],"collection":[{"href":"https:\/\/chor-essenrode.de\/index.php?rest_route=\/wp\/v2\/posts"}],"about":[{"href":"https:\/\/chor-essenrode.de\/index.php?rest_route=\/wp\/v2\/types\/post"}],"author":[{"embeddable":true,"href":"https:\/\/chor-essenrode.de\/index.php?rest_route=\/wp\/v2\/users\/1"}],"replies":[{"embeddable":true,"href":"https:\/\/chor-essenrode.de\/index.php?rest_route=%2Fwp%2Fv2%2Fcomments&post=515"}],"version-history":[{"count":2,"href":"https:\/\/chor-essenrode.de\/index.php?rest_route=\/wp\/v2\/posts\/515\/revisions"}],"predecessor-version":[{"id":556,"href":"https:\/\/chor-essenrode.de\/index.php?rest_route=\/wp\/v2\/posts\/515\/revisions\/556"}],"wp:attachment":[{"href":"https:\/\/chor-essenrode.de\/index.php?rest_route=%2Fwp%2Fv2%2Fmedia&parent=515"}],"wp:term":[{"taxonomy":"category","embeddable":true,"href":"https:\/\/chor-essenrode.de\/index.php?rest_route=%2Fwp%2Fv2%2Fcategories&post=515"},{"taxonomy":"post_tag","embeddable":true,"href":"https:\/\/chor-essenrode.de\/index.php?rest_route=%2Fwp%2Fv2%2Ftags&post=515"}],"curies":[{"name":"wp","href":"https:\/\/api.w.org\/{rel}","templated":true}]}}