{"id":604,"date":"2024-02-26T12:24:29","date_gmt":"2024-02-26T12:24:29","guid":{"rendered":"https:\/\/chor-essenrode.de\/?p=604"},"modified":"2024-03-01T19:08:50","modified_gmt":"2024-03-01T19:08:50","slug":"singen-im-rudel-ein-voller-erfolg","status":"publish","type":"post","link":"https:\/\/chor-essenrode.de\/?p=604","title":{"rendered":"Singen im Rudel ein voller Erfolg!"},"content":{"rendered":"\n<p><strong>Gro\u00dfer Erfolg beim Auftakt der Feierlichkeiten zum 175. Geburtstag des Gemischten Chors Essenrode!<\/strong><\/p>\n\n\n\n<p>Am 24. Februar 2024 war es endlich soweit &#8211; der Gemischte Chor Essenrode er\u00f6ffnete die Feierlichkeiten zu seinem 175. Geburtstag mit der Veranstaltung &#8222;Wir singen im Rudel&#8220;. Und was f\u00fcr ein Auftakt das war! Viele begeisterte Besucher str\u00f6mten in unsere Halle und sangen lautstark zu bekannten Titeln mit.<\/p>\n\n\n\n<p>Die Atmosph\u00e4re war einfach gro\u00dfartig und die Stimmung erreichte H\u00f6chstwerte! Es war wunderbar zu sehen, wie Menschen jeden Alters zusammenkamen, um gemeinsam zu singen und die Freude an der Musik zu teilen. Nach mehreren Zugaben und einem unvergesslichen Abend fand die Veranstaltung schlie\u00dflich ihr Ende.<\/p>\n\n\n\n<p>Ein herzliches Dankesch\u00f6n an alle, die Teil dieses besonderen Abends waren und ihn zu einem unvergesslichen Erlebnis gemacht haben. Wir freuen uns darauf, die Feierlichkeiten zum 175. Geburtstag des Gemischten Chors Essenrode mit weiteren spannenden Veranstaltungen fortzusetzen!<\/p>\n\n\n\n<figure class=\"wp-block-gallery has-nested-images columns-default is-cropped wp-block-gallery-1 is-layout-flex wp-block-gallery-is-layout-flex\">\n<figure class=\"wp-block-image size-large\"><img loading=\"lazy\" decoding=\"async\" width=\"1024\" height=\"594\" data-id=\"601\" src=\"https:\/\/chor-essenrode.de\/wp-content\/uploads\/2024\/02\/IMG_6892-1024x594.jpeg\" alt=\"\" class=\"wp-image-601\" srcset=\"https:\/\/chor-essenrode.de\/wp-content\/uploads\/2024\/02\/IMG_6892-1024x594.jpeg 1024w, https:\/\/chor-essenrode.de\/wp-content\/uploads\/2024\/02\/IMG_6892-300x174.jpeg 300w, https:\/\/chor-essenrode.de\/wp-content\/uploads\/2024\/02\/IMG_6892-768x446.jpeg 768w, https:\/\/chor-essenrode.de\/wp-content\/uploads\/2024\/02\/IMG_6892.jpeg 1155w\" sizes=\"auto, (max-width: 709px) 85vw, (max-width: 909px) 67vw, (max-width: 1362px) 62vw, 840px\" \/><\/figure>\n\n\n\n<figure class=\"wp-block-image size-large\"><img loading=\"lazy\" decoding=\"async\" width=\"1024\" height=\"570\" data-id=\"599\" src=\"https:\/\/chor-essenrode.de\/wp-content\/uploads\/2024\/02\/IMG_6898-1024x570.jpeg\" alt=\"\" class=\"wp-image-599\" srcset=\"https:\/\/chor-essenrode.de\/wp-content\/uploads\/2024\/02\/IMG_6898-1024x570.jpeg 1024w, https:\/\/chor-essenrode.de\/wp-content\/uploads\/2024\/02\/IMG_6898-300x167.jpeg 300w, https:\/\/chor-essenrode.de\/wp-content\/uploads\/2024\/02\/IMG_6898-768x427.jpeg 768w, https:\/\/chor-essenrode.de\/wp-content\/uploads\/2024\/02\/IMG_6898.jpeg 1170w\" sizes=\"auto, (max-width: 709px) 85vw, (max-width: 909px) 67vw, (max-width: 1362px) 62vw, 840px\" \/><\/figure>\n\n\n\n<figure class=\"wp-block-image size-large\"><img loading=\"lazy\" decoding=\"async\" width=\"1024\" height=\"768\" data-id=\"598\" src=\"https:\/\/chor-essenrode.de\/wp-content\/uploads\/2024\/02\/IMG_6934639DFC29-1-1024x768.jpeg\" alt=\"\" class=\"wp-image-598\" srcset=\"https:\/\/chor-essenrode.de\/wp-content\/uploads\/2024\/02\/IMG_6934639DFC29-1-1024x768.jpeg 1024w, https:\/\/chor-essenrode.de\/wp-content\/uploads\/2024\/02\/IMG_6934639DFC29-1-300x225.jpeg 300w, https:\/\/chor-essenrode.de\/wp-content\/uploads\/2024\/02\/IMG_6934639DFC29-1-768x576.jpeg 768w, https:\/\/chor-essenrode.de\/wp-content\/uploads\/2024\/02\/IMG_6934639DFC29-1-1536x1152.jpeg 1536w, https:\/\/chor-essenrode.de\/wp-content\/uploads\/2024\/02\/IMG_6934639DFC29-1-1200x900.jpeg 1200w, https:\/\/chor-essenrode.de\/wp-content\/uploads\/2024\/02\/IMG_6934639DFC29-1.jpeg 2048w\" sizes=\"auto, (max-width: 709px) 85vw, (max-width: 909px) 67vw, (max-width: 1362px) 62vw, 840px\" \/><\/figure>\n\n\n\n<figure class=\"wp-block-image size-large\"><img loading=\"lazy\" decoding=\"async\" width=\"762\" height=\"1024\" data-id=\"597\" src=\"https:\/\/chor-essenrode.de\/wp-content\/uploads\/2024\/02\/JPEG-Bild-4C24-838A-DA-0-762x1024.jpeg\" alt=\"\" class=\"wp-image-597\" srcset=\"https:\/\/chor-essenrode.de\/wp-content\/uploads\/2024\/02\/JPEG-Bild-4C24-838A-DA-0-762x1024.jpeg 762w, https:\/\/chor-essenrode.de\/wp-content\/uploads\/2024\/02\/JPEG-Bild-4C24-838A-DA-0-223x300.jpeg 223w, https:\/\/chor-essenrode.de\/wp-content\/uploads\/2024\/02\/JPEG-Bild-4C24-838A-DA-0-768x1032.jpeg 768w, https:\/\/chor-essenrode.de\/wp-content\/uploads\/2024\/02\/JPEG-Bild-4C24-838A-DA-0-1143x1536.jpeg 1143w, https:\/\/chor-essenrode.de\/wp-content\/uploads\/2024\/02\/JPEG-Bild-4C24-838A-DA-0-1200x1613.jpeg 1200w, https:\/\/chor-essenrode.de\/wp-content\/uploads\/2024\/02\/JPEG-Bild-4C24-838A-DA-0.jpeg 1524w\" sizes=\"auto, (max-width: 709px) 85vw, (max-width: 909px) 67vw, (max-width: 984px) 61vw, (max-width: 1362px) 45vw, 600px\" \/><\/figure>\n\n\n\n<figure class=\"wp-block-image size-large\"><img loading=\"lazy\" decoding=\"async\" width=\"1024\" height=\"740\" data-id=\"596\" src=\"https:\/\/chor-essenrode.de\/wp-content\/uploads\/2024\/02\/JPEG-Bild-453C-BB79-20-0-1024x740.jpeg\" alt=\"\" class=\"wp-image-596\" srcset=\"https:\/\/chor-essenrode.de\/wp-content\/uploads\/2024\/02\/JPEG-Bild-453C-BB79-20-0-1024x740.jpeg 1024w, https:\/\/chor-essenrode.de\/wp-content\/uploads\/2024\/02\/JPEG-Bild-453C-BB79-20-0-300x217.jpeg 300w, https:\/\/chor-essenrode.de\/wp-content\/uploads\/2024\/02\/JPEG-Bild-453C-BB79-20-0-768x555.jpeg 768w, https:\/\/chor-essenrode.de\/wp-content\/uploads\/2024\/02\/JPEG-Bild-453C-BB79-20-0-1536x1110.jpeg 1536w, https:\/\/chor-essenrode.de\/wp-content\/uploads\/2024\/02\/JPEG-Bild-453C-BB79-20-0-1200x867.jpeg 1200w, https:\/\/chor-essenrode.de\/wp-content\/uploads\/2024\/02\/JPEG-Bild-453C-BB79-20-0.jpeg 2000w\" sizes=\"auto, (max-width: 709px) 85vw, (max-width: 909px) 67vw, (max-width: 1362px) 62vw, 840px\" \/><\/figure>\n\n\n\n<figure class=\"wp-block-image size-large\"><img loading=\"lazy\" decoding=\"async\" width=\"1024\" height=\"568\" data-id=\"595\" src=\"https:\/\/chor-essenrode.de\/wp-content\/uploads\/2024\/02\/IMG_6904-1024x568.jpeg\" alt=\"\" class=\"wp-image-595\" srcset=\"https:\/\/chor-essenrode.de\/wp-content\/uploads\/2024\/02\/IMG_6904-1024x568.jpeg 1024w, https:\/\/chor-essenrode.de\/wp-content\/uploads\/2024\/02\/IMG_6904-300x166.jpeg 300w, https:\/\/chor-essenrode.de\/wp-content\/uploads\/2024\/02\/IMG_6904-768x426.jpeg 768w, https:\/\/chor-essenrode.de\/wp-content\/uploads\/2024\/02\/IMG_6904.jpeg 1170w\" sizes=\"auto, (max-width: 709px) 85vw, (max-width: 909px) 67vw, (max-width: 1362px) 62vw, 840px\" \/><\/figure>\n\n\n\n<figure class=\"wp-block-image size-large\"><img loading=\"lazy\" decoding=\"async\" width=\"1024\" height=\"371\" data-id=\"603\" src=\"https:\/\/chor-essenrode.de\/wp-content\/uploads\/2024\/02\/55b84a97-1b5d-4bcb-be6a-8f283e30a68c-1024x371.jpeg\" alt=\"\" class=\"wp-image-603\" srcset=\"https:\/\/chor-essenrode.de\/wp-content\/uploads\/2024\/02\/55b84a97-1b5d-4bcb-be6a-8f283e30a68c-1024x371.jpeg 1024w, https:\/\/chor-essenrode.de\/wp-content\/uploads\/2024\/02\/55b84a97-1b5d-4bcb-be6a-8f283e30a68c-300x109.jpeg 300w, https:\/\/chor-essenrode.de\/wp-content\/uploads\/2024\/02\/55b84a97-1b5d-4bcb-be6a-8f283e30a68c-768x278.jpeg 768w, https:\/\/chor-essenrode.de\/wp-content\/uploads\/2024\/02\/55b84a97-1b5d-4bcb-be6a-8f283e30a68c-1536x556.jpeg 1536w, https:\/\/chor-essenrode.de\/wp-content\/uploads\/2024\/02\/55b84a97-1b5d-4bcb-be6a-8f283e30a68c-2048x742.jpeg 2048w, https:\/\/chor-essenrode.de\/wp-content\/uploads\/2024\/02\/55b84a97-1b5d-4bcb-be6a-8f283e30a68c-1200x435.jpeg 1200w\" sizes=\"auto, (max-width: 709px) 85vw, (max-width: 909px) 67vw, (max-width: 1362px) 62vw, 840px\" \/><\/figure>\n\n\n\n<figure class=\"wp-block-image size-large\"><img loading=\"lazy\" decoding=\"async\" width=\"1024\" height=\"565\" data-id=\"602\" src=\"https:\/\/chor-essenrode.de\/wp-content\/uploads\/2024\/02\/IMG_6891-1024x565.jpeg\" alt=\"\" class=\"wp-image-602\" srcset=\"https:\/\/chor-essenrode.de\/wp-content\/uploads\/2024\/02\/IMG_6891-1024x565.jpeg 1024w, https:\/\/chor-essenrode.de\/wp-content\/uploads\/2024\/02\/IMG_6891-300x165.jpeg 300w, https:\/\/chor-essenrode.de\/wp-content\/uploads\/2024\/02\/IMG_6891-768x423.jpeg 768w, https:\/\/chor-essenrode.de\/wp-content\/uploads\/2024\/02\/IMG_6891.jpeg 1170w\" sizes=\"auto, (max-width: 709px) 85vw, (max-width: 909px) 67vw, (max-width: 1362px) 62vw, 840px\" \/><\/figure>\n\n\n\n<figure class=\"wp-block-image size-large\"><img loading=\"lazy\" decoding=\"async\" width=\"993\" height=\"1024\" data-id=\"593\" src=\"https:\/\/chor-essenrode.de\/wp-content\/uploads\/2024\/02\/362431c9-42ae-4280-ac9b-c689a53c30e7-993x1024.jpeg\" alt=\"\" class=\"wp-image-593\" srcset=\"https:\/\/chor-essenrode.de\/wp-content\/uploads\/2024\/02\/362431c9-42ae-4280-ac9b-c689a53c30e7-993x1024.jpeg 993w, https:\/\/chor-essenrode.de\/wp-content\/uploads\/2024\/02\/362431c9-42ae-4280-ac9b-c689a53c30e7-291x300.jpeg 291w, https:\/\/chor-essenrode.de\/wp-content\/uploads\/2024\/02\/362431c9-42ae-4280-ac9b-c689a53c30e7-768x792.jpeg 768w, https:\/\/chor-essenrode.de\/wp-content\/uploads\/2024\/02\/362431c9-42ae-4280-ac9b-c689a53c30e7-1489x1536.jpeg 1489w, https:\/\/chor-essenrode.de\/wp-content\/uploads\/2024\/02\/362431c9-42ae-4280-ac9b-c689a53c30e7-1986x2048.jpeg 1986w, https:\/\/chor-essenrode.de\/wp-content\/uploads\/2024\/02\/362431c9-42ae-4280-ac9b-c689a53c30e7-1200x1238.jpeg 1200w\" sizes=\"auto, (max-width: 709px) 85vw, (max-width: 909px) 67vw, (max-width: 1362px) 62vw, 840px\" \/><\/figure>\n\n\n\n<figure class=\"wp-block-image size-large\"><img loading=\"lazy\" decoding=\"async\" width=\"1753\" height=\"2337\" data-id=\"615\" src=\"https:\/\/chor-essenrode.de\/wp-content\/uploads\/2024\/03\/90c3ad36-57db-4e57-9ce9-7086c90ec760-edited.jpeg\" alt=\"\" class=\"wp-image-615\" srcset=\"https:\/\/chor-essenrode.de\/wp-content\/uploads\/2024\/03\/90c3ad36-57db-4e57-9ce9-7086c90ec760-edited.jpeg 1753w, https:\/\/chor-essenrode.de\/wp-content\/uploads\/2024\/03\/90c3ad36-57db-4e57-9ce9-7086c90ec760-edited-225x300.jpeg 225w, https:\/\/chor-essenrode.de\/wp-content\/uploads\/2024\/03\/90c3ad36-57db-4e57-9ce9-7086c90ec760-edited-768x1024.jpeg 768w, https:\/\/chor-essenrode.de\/wp-content\/uploads\/2024\/03\/90c3ad36-57db-4e57-9ce9-7086c90ec760-edited-1152x1536.jpeg 1152w, https:\/\/chor-essenrode.de\/wp-content\/uploads\/2024\/03\/90c3ad36-57db-4e57-9ce9-7086c90ec760-edited-1536x2048.jpeg 1536w, https:\/\/chor-essenrode.de\/wp-content\/uploads\/2024\/03\/90c3ad36-57db-4e57-9ce9-7086c90ec760-edited-1200x1600.jpeg 1200w\" sizes=\"auto, (max-width: 709px) 85vw, (max-width: 909px) 67vw, (max-width: 1362px) 62vw, 840px\" \/><\/figure>\n<\/figure>\n\n\n\n<figure class=\"wp-block-embed is-type-video is-provider-youtube wp-block-embed-youtube wp-embed-aspect-16-9 wp-has-aspect-ratio\"><div class=\"wp-block-embed__wrapper\">\n<iframe loading=\"lazy\" title=\"Wir singen im Rudel 24.02.2024 Chor Essenrode\" width=\"840\" height=\"473\" src=\"https:\/\/www.youtube.com\/embed\/n1orgWZfI-c?feature=oembed\" frameborder=\"0\" allow=\"accelerometer; autoplay; clipboard-write; encrypted-media; gyroscope; picture-in-picture; web-share\" allowfullscreen><\/iframe>\n<\/div><\/figure>\n\n\n\n<h2 class=\"wp-block-heading\">Das schreibt die Presse !<\/h2>\n\n\n\n<figure class=\"wp-block-image size-large\"><img loading=\"lazy\" decoding=\"async\" width=\"1024\" height=\"808\" src=\"http:\/\/chor-essenrode.de\/wp-content\/uploads\/2024\/02\/IMG_0583-1024x808.jpeg\" alt=\"\" class=\"wp-image-613\" srcset=\"https:\/\/chor-essenrode.de\/wp-content\/uploads\/2024\/02\/IMG_0583-1024x808.jpeg 1024w, https:\/\/chor-essenrode.de\/wp-content\/uploads\/2024\/02\/IMG_0583-300x237.jpeg 300w, https:\/\/chor-essenrode.de\/wp-content\/uploads\/2024\/02\/IMG_0583-768x606.jpeg 768w, https:\/\/chor-essenrode.de\/wp-content\/uploads\/2024\/02\/IMG_0583.jpeg 1179w\" sizes=\"auto, (max-width: 709px) 85vw, (max-width: 909px) 67vw, (max-width: 1362px) 62vw, 840px\" \/><\/figure>\n","protected":false},"excerpt":{"rendered":"<p>Gro\u00dfer Erfolg beim Auftakt der Feierlichkeiten zum 175. Geburtstag des Gemischten Chors Essenrode! Am 24. Februar 2024 war es endlich soweit &#8211; der Gemischte Chor Essenrode er\u00f6ffnete die Feierlichkeiten zu seinem 175. Geburtstag mit der Veranstaltung &#8222;Wir singen im Rudel&#8220;. Und was f\u00fcr ein Auftakt das war! Viele begeisterte Besucher str\u00f6mten in unsere Halle und &hellip; <a href=\"https:\/\/chor-essenrode.de\/?p=604\" class=\"more-link\"><span class=\"screen-reader-text\">\u201eSingen im Rudel ein voller Erfolg!\u201c<\/span> weiterlesen<\/a><\/p>\n","protected":false},"author":1,"featured_media":0,"comment_status":"open","ping_status":"open","sticky":false,"template":"","format":"standard","meta":{"footnotes":""},"categories":[8],"tags":[16,5,17,15],"class_list":["post-604","post","type-post","status-publish","format-standard","hentry","category-konzerte","tag-chor","tag-chor-essenrode","tag-essenrode","tag-wir-singen-im-rudel"],"_links":{"self":[{"href":"https:\/\/chor-essenrode.de\/index.php?rest_route=\/wp\/v2\/posts\/604","targetHints":{"allow":["GET"]}}],"collection":[{"href":"https:\/\/chor-essenrode.de\/index.php?rest_route=\/wp\/v2\/posts"}],"about":[{"href":"https:\/\/chor-essenrode.de\/index.php?rest_route=\/wp\/v2\/types\/post"}],"author":[{"embeddable":true,"href":"https:\/\/chor-essenrode.de\/index.php?rest_route=\/wp\/v2\/users\/1"}],"replies":[{"embeddable":true,"href":"https:\/\/chor-essenrode.de\/index.php?rest_route=%2Fwp%2Fv2%2Fcomments&post=604"}],"version-history":[{"count":4,"href":"https:\/\/chor-essenrode.de\/index.php?rest_route=\/wp\/v2\/posts\/604\/revisions"}],"predecessor-version":[{"id":617,"href":"https:\/\/chor-essenrode.de\/index.php?rest_route=\/wp\/v2\/posts\/604\/revisions\/617"}],"wp:attachment":[{"href":"https:\/\/chor-essenrode.de\/index.php?rest_route=%2Fwp%2Fv2%2Fmedia&parent=604"}],"wp:term":[{"taxonomy":"category","embeddable":true,"href":"https:\/\/chor-essenrode.de\/index.php?rest_route=%2Fwp%2Fv2%2Fcategories&post=604"},{"taxonomy":"post_tag","embeddable":true,"href":"https:\/\/chor-essenrode.de\/index.php?rest_route=%2Fwp%2Fv2%2Ftags&post=604"}],"curies":[{"name":"wp","href":"https:\/\/api.w.org\/{rel}","templated":true}]}}